{"id":1378,"date":"2025-03-26T21:26:39","date_gmt":"2025-03-26T21:26:39","guid":{"rendered":"https:\/\/tvslawpc.com\/?p=1378"},"modified":"2025-03-26T21:34:48","modified_gmt":"2025-03-26T21:34:48","slug":"actualizacion-de-los-tps-para-haiti","status":"publish","type":"post","link":"https:\/\/tvslawpc.com\/es\/2025\/03\/actualizacion-de-los-tps-para-haiti\/","title":{"rendered":"Novedades sobre el Estatus de Protecci\u00f3n Temporal (TPS) de Hait\u00ed"},"content":{"rendered":"<div data-elementor-type=\"wp-post\" data-elementor-id=\"1378\" class=\"elementor elementor-1378\" data-elementor-post-type=\"post\">\n\t\t\t\t<div class=\"elementor-element elementor-element-66144bc e-flex e-con-boxed e-con e-parent\" data-id=\"66144bc\" data-element_type=\"container\" data-e-type=\"container\">\n\t\t\t\t\t<div class=\"e-con-inner\">\n\t\t\t\t<div class=\"elementor-element elementor-element-80117e5 elementor-widget elementor-widget-heading\" data-id=\"80117e5\" data-element_type=\"widget\" data-e-type=\"widget\" data-widget_type=\"heading.default\">\n\t\t\t\t<div class=\"elementor-widget-container\">\n\t\t\t\t\t<h1 class=\"elementor-heading-title elementor-size-default\">Novedades sobre el Estatus de Protecci\u00f3n Temporal (TPS) de Hait\u00ed<\/h1>\t\t\t\t<\/div>\n\t\t\t\t<\/div>\n\t\t\t\t\t<\/div>\n\t\t\t\t<\/div>\n\t\t<div class=\"elementor-element elementor-element-4f50ef0c e-flex e-con-boxed e-con e-parent\" data-id=\"4f50ef0c\" data-element_type=\"container\" data-e-type=\"container\">\n\t\t\t\t\t<div class=\"e-con-inner\">\n\t\t\t\t<div class=\"elementor-element elementor-element-4e4bf24b elementor-widget__width-initial elementor-widget elementor-widget-image\" data-id=\"4e4bf24b\" data-element_type=\"widget\" data-e-type=\"widget\" data-widget_type=\"image.default\">\n\t\t\t\t<div class=\"elementor-widget-container\">\n\t\t\t\t\t\t\t\t\t\t\t\t\t\t\t<img fetchpriority=\"high\" decoding=\"async\" width=\"768\" height=\"512\" src=\"https:\/\/tvslawpc.com\/wp-content\/uploads\/2025\/03\/Update-Temporary-Protected-Status-Haiti-768x512.jpg\" class=\"attachment-medium_large size-medium_large wp-image-1380\" alt=\"Novedades sobre el estatuto de protecci\u00f3n temporal para Hait\u00ed\" srcset=\"https:\/\/tvslawpc.com\/wp-content\/uploads\/2025\/03\/Update-Temporary-Protected-Status-Haiti-768x512.jpg 768w, https:\/\/tvslawpc.com\/wp-content\/uploads\/2025\/03\/Update-Temporary-Protected-Status-Haiti-300x200.jpg 300w, https:\/\/tvslawpc.com\/wp-content\/uploads\/2025\/03\/Update-Temporary-Protected-Status-Haiti-1024x683.jpg 1024w, https:\/\/tvslawpc.com\/wp-content\/uploads\/2025\/03\/Update-Temporary-Protected-Status-Haiti-18x12.jpg 18w, https:\/\/tvslawpc.com\/wp-content\/uploads\/2025\/03\/Update-Temporary-Protected-Status-Haiti.jpg 1200w\" sizes=\"(max-width: 768px) 100vw, 768px\" \/>\t\t\t\t\t\t\t\t\t\t\t\t\t\t\t<\/div>\n\t\t\t\t<\/div>\n\t\t\t\t\t<\/div>\n\t\t\t\t<\/div>\n\t\t<div class=\"elementor-element elementor-element-4642179e e-flex e-con-boxed e-con e-parent\" data-id=\"4642179e\" data-element_type=\"container\" data-e-type=\"container\">\n\t\t\t\t\t<div class=\"e-con-inner\">\n\t\t\t\t<div class=\"elementor-element elementor-element-64debef4 elementor-widget elementor-widget-text-editor\" data-id=\"64debef4\" data-element_type=\"widget\" data-e-type=\"widget\" data-widget_type=\"text-editor.default\">\n\t\t\t\t<div class=\"elementor-widget-container\">\n\t\t\t\t\t\t\t\t\t<p>Fecha de publicaci\u00f3n: 20\/02\/2025<\/p><p><!-- \/wp:paragraph --><\/p>\t\t\t\t\t\t\t\t<\/div>\n\t\t\t\t<\/div>\n\t\t\t\t<div class=\"elementor-element elementor-element-429986e elementor-widget elementor-widget-text-editor\" data-id=\"429986e\" data-element_type=\"widget\" data-e-type=\"widget\" data-widget_type=\"text-editor.default\">\n\t\t\t\t<div class=\"elementor-widget-container\">\n\t\t\t\t\t\t\t\t\t<p>El 20 de febrero de 2025, la Secretaria de Seguridad Nacional, Kristi Noem, anul\u00f3 parcialmente el 1 de julio de 2024, <span style=\"text-decoration: underline;\"><a href=\"https:\/\/www.federalregister.gov\/documents\/2024\/07\/01\/2024-14247\/extension-and-redesignation-of-haiti-for-temporary-protected-status\">aviso<\/a><\/span> que prorrog\u00f3 y redesign\u00f3 a Hait\u00ed para el Estatus de Protecci\u00f3n Temporal (TPS). El anuncio modifica el per\u00edodo de pr\u00f3rroga y redesignaci\u00f3n de Hait\u00ed para el TPS de 18 meses a 12 meses, con una nueva fecha de finalizaci\u00f3n el 3 de agosto de 2025, y realiza un cambio correspondiente en el per\u00edodo de registro inicial para los nuevos solicitantes en virtud de la redesignaci\u00f3n, que ahora permanecer\u00e1 en vigor hasta el 3 de agosto de 2025.<\/p><p>Para m\u00e1s informaci\u00f3n, consulte el <span style=\"text-decoration: underline;\"><a href=\"https:\/\/www.federalregister.gov\/documents\/2025\/02\/24\/2025-02970\/partial-vacatur-of-2024-temporary-protected-status-decision-for-haiti\">Anuncio en el Registro Federal<\/a><\/span>.<\/p>\t\t\t\t\t\t\t\t<\/div>\n\t\t\t\t<\/div>\n\t\t\t\t\t<\/div>\n\t\t\t\t<\/div>\n\t\t<div class=\"elementor-element elementor-element-465f3746 e-flex e-con-boxed e-con e-parent\" data-id=\"465f3746\" data-element_type=\"container\" data-e-type=\"container\">\n\t\t\t\t\t<div class=\"e-con-inner\">\n\t\t\t\t\t<\/div>\n\t\t\t\t<\/div>\n\t\t<div class=\"elementor-element elementor-element-225c8a4 e-grid e-con-boxed e-con e-parent\" data-id=\"225c8a4\" data-element_type=\"container\" data-e-type=\"container\">\n\t\t\t\t\t<div class=\"e-con-inner\">\n\t\t\t\t\t<\/div>\n\t\t\t\t<\/div>\n\t\t\t\t<\/div>","protected":false},"excerpt":{"rendered":"<p>El Departamento de Seguridad Nacional ha modificado el periodo de pr\u00f3rroga y redesignaci\u00f3n del Estatus de Protecci\u00f3n Temporal (TPS) de Hait\u00ed de 18 a 12 meses, finalizando ahora el 3 de agosto de 2025. M\u00e1s informaci\u00f3n en el aviso del Registro Federal.<\/p>","protected":false},"author":1,"featured_media":1380,"comment_status":"open","ping_status":"open","sticky":false,"template":"","format":"standard","meta":{"footnotes":""},"categories":[15],"tags":[21,22],"class_list":["post-1378","post","type-post","status-publish","format-standard","has-post-thumbnail","hentry","category-immigration","tag-department-of-homeland-security-dhs","tag-temporary-protected-status-tps"],"_links":{"self":[{"href":"https:\/\/tvslawpc.com\/es\/wp-json\/wp\/v2\/posts\/1378","targetHints":{"allow":["GET"]}}],"collection":[{"href":"https:\/\/tvslawpc.com\/es\/wp-json\/wp\/v2\/posts"}],"about":[{"href":"https:\/\/tvslawpc.com\/es\/wp-json\/wp\/v2\/types\/post"}],"author":[{"embeddable":true,"href":"https:\/\/tvslawpc.com\/es\/wp-json\/wp\/v2\/users\/1"}],"replies":[{"embeddable":true,"href":"https:\/\/tvslawpc.com\/es\/wp-json\/wp\/v2\/comments?post=1378"}],"version-history":[{"count":11,"href":"https:\/\/tvslawpc.com\/es\/wp-json\/wp\/v2\/posts\/1378\/revisions"}],"predecessor-version":[{"id":1391,"href":"https:\/\/tvslawpc.com\/es\/wp-json\/wp\/v2\/posts\/1378\/revisions\/1391"}],"wp:featuredmedia":[{"embeddable":true,"href":"https:\/\/tvslawpc.com\/es\/wp-json\/wp\/v2\/media\/1380"}],"wp:attachment":[{"href":"https:\/\/tvslawpc.com\/es\/wp-json\/wp\/v2\/media?parent=1378"}],"wp:term":[{"taxonomy":"category","embeddable":true,"href":"https:\/\/tvslawpc.com\/es\/wp-json\/wp\/v2\/categories?post=1378"},{"taxonomy":"post_tag","embeddable":true,"href":"https:\/\/tvslawpc.com\/es\/wp-json\/wp\/v2\/tags?post=1378"}],"curies":[{"name":"wp","href":"https:\/\/api.w.org\/{rel}","templated":true}]}}